{"id":282,"date":"2014-06-20T18:50:40","date_gmt":"2014-06-20T23:50:40","guid":{"rendered":"http:\/\/atmedios.com\/pantallaaccesible\/?p=282"},"modified":"2014-06-24T12:32:09","modified_gmt":"2014-06-24T17:32:09","slug":"personajes-sordos","status":"publish","type":"post","link":"https:\/\/atmedios.com\/pantallaaccesible\/personajes-sordos\/","title":{"rendered":"Personajes destacados en la historia de la cultura sorda"},"content":{"rendered":"<div style=\"width: 276px\" class=\"wp-caption alignnone\"><img decoding=\"async\" loading=\"lazy\" class=\"attachment-266x266\" style=\"font-size: 14px; line-height: 1.5em;\" title=\"Lou Ferrigno como Hulk\" alt=\"Lou Ferrigno como Hulk\" src=\"http:\/\/atmedios.com\/pantallaaccesible\/wp-content\/uploads\/2014\/06\/266x196xFerrigno_as_Hulk-300x222.jpg.pagespeed.ic.miIK3xbcfU.jpg\" width=\"266\" height=\"196\" \/><p class=\"wp-caption-text\">Lou Ferrigno como Hulk. Imagen: http:\/\/en.wikipedia.org\/wiki\/Lou_Ferrigno<\/p><\/div>\n<p style=\"text-align: justify;\"><i>\u201cQu\u00e9 importa la sordera del o\u00eddo cuando la mente oye, la verdadera sordera, la incurable sordera es la de la mente\u201d<\/i>\u00a0(Victor Hugo).<\/p>\n<p style=\"text-align: justify;\">Estos personajes oyeron, o mejor, escucharon con su mente, y por esto se han convertido en grandes referentes e inspiraci\u00f3n para las personas sordas ya sea por la manera en como llevaron sus vidas, o por sus obras y acciones en favor de los derechos y avances para ellas. Algunos de los mencionados tuvieron discapacidad auditiva o sordera, otros fueron o son oyentes.<\/p>\n<p style=\"text-align: justify;\"><b>Ayer<\/b><\/p>\n<ul>\n<li style=\"text-align: justify;\">Juan de Pablo Bonet: (1579 \u2013 1633) nacido en Espa\u00f1a. Incluy\u00f3 en su libro \u00abReducci\u00f3n de las letras y Arte para ense\u00f1ar a hablar a los mudos\u201d el primer alfabeto manual con fotograf\u00edas que ilustraban la postura de la mano para cada letra.<\/li>\n<\/ul>\n<ul style=\"text-align: justify;\">\n<li>Francisco de Goya: (1746 \u2013 1828) nacido en Espa\u00f1a, fue pintor y grabador, considerado precursor de las vanguardias pict\u00f3ricas del siglo XX. Debido a una grave enfermedad queda sordo en 1792. Se sabe que conoci\u00f3 el lenguaje de signos porque en uno de sus grabados realizado en 1812 se ven manos representando las letras del alfabeto.<\/li>\n<\/ul>\n<ul style=\"text-align: justify;\">\n<li>Ludwig Van Beethoven: (1770-1827) compositor, pianista y director de orquesta alem\u00e1n. Alrededor de 1792 Beethoven empez\u00f3 a ser sordo, en alg\u00fan momento la sordera lo llev\u00f3 a plantearse el suicidio seg\u00fan expresaba en su testamento, pero la m\u00fasica y su fuerte convicci\u00f3n de que pod\u00eda hacer una gran aportaci\u00f3n al g\u00e9nero hicieron que siguiera adelante. En dicho testamento escribi\u00f3 que sab\u00eda que todav\u00eda ten\u00eda mucha m\u00fasica por descubrir, explorar y concretar.<\/li>\n<\/ul>\n<ul style=\"text-align: justify;\">\n<li>Ferdinand Berther: (1803 \u2013 1886) fue un educador sordo que en 1838 crea la Sociedad central de sordomudos en Francia como la primera organizaci\u00f3n que represent\u00f3 los intereses de la comunidad sorda.<\/li>\n<\/ul>\n<ul style=\"text-align: justify;\">\n<li>Thomas Alva Edison: (1847 \u2013 1931) el inventor del fon\u00f3grafo tuvo problemas de audici\u00f3n desde la ni\u00f1ez, algunos lo atribuyen a un accidente en un tren, otros a una enfermedad. Dentro de sus miles de patentes, est\u00e1 la invenci\u00f3n de la l\u00e1mpara incandescente. Thomas Alva Edison hizo grandes aportes al desarrollo del cine.<\/li>\n<\/ul>\n<ul style=\"text-align: justify;\">\n<li>William Hoy \u201cDummy\u201d: (1862 \u2013 1961) sufri\u00f3 meningitis a los 3 a\u00f1os, lo cual le caus\u00f3 sordera. Fue el primer jugador profesional de b\u00e9isbol sordo en 1887. En algunos textos se le atribuye las se\u00f1ales manuales que indican \u201csafe\u201d \u201cout\u201d y \u201cstrike\u201d que contin\u00faan hoy en uso en este deporte. En 2001 el campo de b\u00e9isbol en la Universidad de Gallaudet fue nombrado William \u00abDummy\u00bb Hoy.<\/li>\n<\/ul>\n<ul style=\"text-align: justify;\">\n<li>Helen Keller: (1880 \u2013 1968) estadounidense. Desde los 19 meses, una enfermedad le provoc\u00f3 la p\u00e9rdida de la audici\u00f3n y la visi\u00f3n. Fue la primera persona sordociega que obtuvo un t\u00edtulo universitario. Se destac\u00f3 como activista y fil\u00e1ntropa, promovi\u00f3 el sufragio femenino, los derechos de los trabajadores, el socialismo y otras causas relacionadas con la extrema izquierda.<\/li>\n<\/ul>\n<ul style=\"text-align: justify;\">\n<li>Nellie Zabel Willhite: (1892 \u2013 1992) Aviadora estadounidense sorda. Fue, adem\u00e1s, la primera mujer en obtener una licencia de piloto en Dakota del Sur.<\/li>\n<\/ul>\n<ul style=\"text-align: justify;\">\n<li>John Warcup Comforth: (1917 \u2013 2013) qu\u00edmico y profesor universitario australiano galardonado con el Premio Nobel de Qu\u00edmica en 1975. A los diez a\u00f1os de edad se le diagnostic\u00f3 una sordera profunda (otoesclerosis). El proceso de p\u00e9rdida de audici\u00f3n dur\u00f3 m\u00e1s de una d\u00e9cada.<\/li>\n<\/ul>\n<ul style=\"text-align: justify;\">\n<li>Irvin King Jordan: (1943) en 1988 se convirti\u00f3 en el primer rector sordo de la Universidad de Gallaudet, \u00fanica universidad del mundo espec\u00edficamente dise\u00f1ada para personas sordas e hipoac\u00fasicas, despu\u00e9s de que, en ese mismo a\u00f1o, los estudiantes hicieran protestas exigiendo el nombramiento de una persona sorda en la rector\u00eda.<\/li>\n<\/ul>\n<ul style=\"text-align: justify;\">\n<li>Lou Ferringo: (1951) a los 3 a\u00f1os empez\u00f3 a perder su capacidad auditiva. Se interes\u00f3 por el fisiculturismo\u00ad y lleg\u00f3 a ganar varios premios y concursos en esta disciplina. Debido a su gran tama\u00f1o lo eligieron para protagonizar la serie El Incre\u00edble Hulk.<\/li>\n<\/ul>\n<ul style=\"text-align: justify;\">\n<li>Marlee Matlin: (1965) a sus 18 meses una enfermedad le caus\u00f3 la p\u00e9rdida total del o\u00eddo derecho y un 80% del o\u00eddo izquierdo. A los 7 a\u00f1os se estren\u00f3 en la actuaci\u00f3n en una obra de teatro. \u00a0En 1986 gana el premio Oscar como mejor actriz por la pel\u00edcula Children of a Lesser God. La universidad de Gallaudet le otorgo el t\u00edtulo de Doctor Honoris Causa en Humanidades y Letras en 1987<\/li>\n<\/ul>\n<p style=\"text-align: justify;\"><b>Hoy<\/b><\/p>\n<p style=\"text-align: justify;\">La historia, adem\u00e1s de comprender hechos memorables de a\u00f1os y siglos atr\u00e1s, tambi\u00e9n se va escribiendo en el d\u00eda a d\u00eda. Es por eso que tambi\u00e9n mencionar\u00e9 a personajes que a mi consideraci\u00f3n est\u00e1n haciendo historia hoy.<\/p>\n<ul style=\"text-align: justify;\">\n<li>Emmanuelle Laborit: (1971) Actriz y directora francesa. Sorda de nacimiento. Aprende la lengua de signos a los 7 a\u00f1os y en 1993 fue ganadora del premio Moli\u00e8re como actriz revelaci\u00f3n por la pel\u00edcula \u00abLes Enfants du Silence\u00bb. Hoy Emmanuelle es embajadora de la Lengua de Signos Francesa (LSF).<\/li>\n<\/ul>\n<ul style=\"text-align: justify;\">\n<li>Heather Whitestone: (1973) naci\u00f3 en Dothan, Alabama y perdi\u00f3 la audici\u00f3n a los 18 meses. Fue la primera Miss Am\u00e9rica sorda en 1993. Helen Keller fue su modelo de vida.<\/li>\n<\/ul>\n<ul style=\"text-align: justify;\">\n<li>Signmark: (1978) su nombre es Marko Vouriheimo. Naci\u00f3 en Finlandia y es sordo de nacimiento. Se interes\u00f3 por la m\u00fasica a trav\u00e9s de videoclips. Mark empez\u00f3 a interpretar en lengua de signos canciones populares, y luego compuso sus propios temas en donde influy\u00f3 su gusto por la poes\u00eda. En el 2004 inici\u00f3 su carrera art\u00edstica junto a dos amigos que cantan sus temas, mientras Signmark rapea con sus manos y gestos usando la lengua de signos al comp\u00e1s de las vibraciones de la m\u00fasica.<\/li>\n<\/ul>\n<p><iframe loading=\"lazy\" src=\"\/\/www.youtube.com\/embed\/FloNPWU50X8\" height=\"315\" width=\"420\" allowfullscreen=\"\" frameborder=\"0\"><\/iframe><\/p>\n<ul style=\"text-align: justify;\">\n<li>Brenda Costa: (1982) nacida en Brasil, es modelo desde sus 16 a\u00f1os. Su sordera es de nacimiento y aunque en el primer casting que present\u00f3 fue rechazada en un principio por su condici\u00f3n, su talento la ha llevado a posicionarse como una de las mejores modelos brasileras. Brenda se comunica a trav\u00e9s de la lengua de se\u00f1as, algunas palabras habladas y la lectura de labios.<\/li>\n<\/ul>\n<ul style=\"text-align: justify;\">\n<li>Jorge Enrique Leal: este colombiano es ingeniero de sistemas e invent\u00f3 un traductor de espa\u00f1ol a lengua de se\u00f1as colombiana, para promover la comunicaci\u00f3n entre personas con discapacidad auditiva y personas oyentes. Se plante\u00f3 la idea de crear esta herramienta cuando estando trabajando en un banco, lleg\u00f3 una persona sorda y no pudo comunicarse con \u00e9l de ninguna manera. Su fundaci\u00f3n Hetah\u00a0ofrece este servicio de manera gratuita.<\/li>\n<\/ul>\n<p style=\"text-align: justify;\">Los invito a consultar el fragmento \u201clos grandes personajes en el mundo de los sordos\u201d del libro \u201cUna mirada a trav\u00e9s del silencio\u201d en donde mencionan algunas de estas personas entre otras que tambi\u00e9n cabe destacar. desconozco su autor, as\u00ed que si alguien lo conoce, lo puede indicar en los comentarios.<\/p>\n<p style=\"text-align: justify;\"><a href=\"http:\/\/milibrodemivida.files.wordpress.com\/2008\/05\/17-capitulo-16-los-grandes-personajes-que-levantaron-la-voz-con-la-lengua-de-senas.pdf\">http:\/\/milibrodemivida.files.wordpress.com\/2008\/05\/17-capitulo-16-los-grandes-personajes-que-levantaron-la-voz-con-la-lengua-de-senas.pdf<\/a><\/p>\n<p>Son libres de hacer adiciones a esta lista en cualquier punto de la historia.<\/p>\n<p>Por: Natalia Bastidas Jim\u00e9nez<\/p>\n<p>(<a title=\"Cuenta en twitter Natalia Bastidas\" href=\"http:\/\/www.twitter.com\/natbastidas\" target=\"_blank\">@natbastidas<\/a>\u00a0en Twitter)<\/p>\n<p><b>\u00a0<\/b><\/p>\n","protected":false},"excerpt":{"rendered":"<p>\u201cQu\u00e9 importa la sordera del o\u00eddo cuando la mente oye, la verdadera sordera, la incurable sordera es la de la mente\u201d\u00a0(Victor Hugo). Estos personajes oyeron, o mejor, escucharon con su mente, y por esto se han convertido en grandes referentes e inspiraci\u00f3n para las personas sordas ya sea por la manera en como llevaron sus [&hellip;]<\/p>\n","protected":false},"author":1,"featured_media":289,"comment_status":"open","ping_status":"open","sticky":false,"template":"","format":"standard","meta":{"footnotes":""},"categories":[2],"tags":[10,35,11,37,19,36],"_links":{"self":[{"href":"https:\/\/atmedios.com\/pantallaaccesible\/wp-json\/wp\/v2\/posts\/282"}],"collection":[{"href":"https:\/\/atmedios.com\/pantallaaccesible\/wp-json\/wp\/v2\/posts"}],"about":[{"href":"https:\/\/atmedios.com\/pantallaaccesible\/wp-json\/wp\/v2\/types\/post"}],"author":[{"embeddable":true,"href":"https:\/\/atmedios.com\/pantallaaccesible\/wp-json\/wp\/v2\/users\/1"}],"replies":[{"embeddable":true,"href":"https:\/\/atmedios.com\/pantallaaccesible\/wp-json\/wp\/v2\/comments?post=282"}],"version-history":[{"count":13,"href":"https:\/\/atmedios.com\/pantallaaccesible\/wp-json\/wp\/v2\/posts\/282\/revisions"}],"predecessor-version":[{"id":296,"href":"https:\/\/atmedios.com\/pantallaaccesible\/wp-json\/wp\/v2\/posts\/282\/revisions\/296"}],"wp:featuredmedia":[{"embeddable":true,"href":"https:\/\/atmedios.com\/pantallaaccesible\/wp-json\/wp\/v2\/media\/289"}],"wp:attachment":[{"href":"https:\/\/atmedios.com\/pantallaaccesible\/wp-json\/wp\/v2\/media?parent=282"}],"wp:term":[{"taxonomy":"category","embeddable":true,"href":"https:\/\/atmedios.com\/pantallaaccesible\/wp-json\/wp\/v2\/categories?post=282"},{"taxonomy":"post_tag","embeddable":true,"href":"https:\/\/atmedios.com\/pantallaaccesible\/wp-json\/wp\/v2\/tags?post=282"}],"curies":[{"name":"wp","href":"https:\/\/api.w.org\/{rel}","templated":true}]}}