{"id":552,"date":"2018-01-22T10:43:31","date_gmt":"2018-01-22T15:43:31","guid":{"rendered":"http:\/\/atmedios.com\/pantallaaccesible\/?p=552"},"modified":"2018-01-22T11:28:32","modified_gmt":"2018-01-22T16:28:32","slug":"las-personas-con-discapacidad-protagonistas-en-el-septimo-arte","status":"publish","type":"post","link":"https:\/\/atmedios.com\/pantallaaccesible\/las-personas-con-discapacidad-protagonistas-en-el-septimo-arte\/","title":{"rendered":"Las personas con discapacidad, protagonistas en el s\u00e9ptimo arte"},"content":{"rendered":"<blockquote>\n<p style=\"text-align: right;\">El cine es un espejo pintado.<\/p>\n<p>&nbsp;<\/p>\n<p style=\"text-align: right;\"><strong>Ettore Scola<\/strong> (1931-2016)<br \/>\n<em>Director de cine y escritor italiano<\/em><\/p>\n<\/blockquote>\n<p>La magia de la gran pantalla logra transportarnos a mundos paralelos, nos lleva a vivir otras vidas y a experimentar sensaciones que en la cotidianidad no nos atrevemos a vivir. A lo largo de la historia, los directores se han valido de distintos enfoques para llevar al espectador a conocer narrativas que se desarrollan en el papel y crecen en el imaginario del artista, recreando historias u originando fantas\u00edas que nos hacen reflexionar sobre la realidad.<\/p>\n<p>Dentro de este mundo fant\u00e1stico, algunos cineastas han recurrido a personajes con discapacidad para nutrir sus libretos y con esto, han logrado realizar obras maestras en el s\u00e9ptimo arte. Con lo anterior en mente, recopilamos algunas de estas pel\u00edculas resaltando la importancia de estos personajes dentro de la trama:<\/p>\n<p>&nbsp;<\/p>\n<p><a href=\"http:\/\/atmedios.com\/pantallaaccesible\/wp-content\/uploads\/2018\/01\/Poster-El-Milagro-de-Anna-Sullivan.jpg\"><img decoding=\"async\" loading=\"lazy\" class=\"alignleft wp-image-556\" title=\"Cartel El milagro de Anna Sullivan \" src=\"http:\/\/atmedios.com\/pantallaaccesible\/wp-content\/uploads\/2018\/01\/Poster-El-Milagro-de-Anna-Sullivan-207x300.jpg\" alt=\"\" width=\"215\" height=\"312\" srcset=\"https:\/\/atmedios.com\/pantallaaccesible\/wp-content\/uploads\/2018\/01\/Poster-El-Milagro-de-Anna-Sullivan-207x300.jpg 207w, https:\/\/atmedios.com\/pantallaaccesible\/wp-content\/uploads\/2018\/01\/Poster-El-Milagro-de-Anna-Sullivan-768x1113.jpg 768w, https:\/\/atmedios.com\/pantallaaccesible\/wp-content\/uploads\/2018\/01\/Poster-El-Milagro-de-Anna-Sullivan-707x1024.jpg 707w, https:\/\/atmedios.com\/pantallaaccesible\/wp-content\/uploads\/2018\/01\/Poster-El-Milagro-de-Anna-Sullivan.jpg 828w\" sizes=\"(max-width: 215px) 100vw, 215px\" \/><\/a><\/p>\n<p><strong>El milagro de Anna Sullivan (1962):<\/strong> Ambientada sobre 1882 en Alabama, Estados Unidos. Anna, quien tiene problemas de visi\u00f3n, ayuda a Helen Keller a dejar atr\u00e1s un pasado lleno de actitudes frustradas y en ocasiones violentas, que la manten\u00edan aislada del mundo. Las actuaciones de Anne Bancroft y Patty Duke, quienes interpretaron a los dos personajes protag\u00f3nicos, les dio el \u00d3scar como mejor actriz principal y actriz secundaria respectivamente en la ceremonia del 63.<br \/>\nPara los que no conocen la historia de Helen Keller, ella fue una escritora, oradora y activista pol\u00edtica estadounidense que se convirti\u00f3 en la primera persona con discapacidad auditiva y visual en obtener un t\u00edtulo universitario. Adem\u00e1s, promovi\u00f3 el sufragio femenino, los derechos de los trabajadores y fue cofundadora de la Uni\u00f3n Estadounidense por las Libertades Civiles. Tambi\u00e9n escribi\u00f3 numerosos libros entre los que se destacan su autobiograf\u00eda \u201cLa historia de mi vida\u201d (1903) y \u201cLuz en mi oscuridad\u201d (1927).<\/p>\n<p>&nbsp;<\/p>\n<p><a href=\"http:\/\/atmedios.com\/pantallaaccesible\/wp-content\/uploads\/2018\/01\/Poster-El-Coraz\u00f3n-es-un-Cazador-Solitario.jpg\"><img decoding=\"async\" loading=\"lazy\" class=\"alignleft wp-image-561\" title=\"Cartel: El coraz\u00f3n es un cazador solitario\" src=\"http:\/\/atmedios.com\/pantallaaccesible\/wp-content\/uploads\/2018\/01\/Poster-El-Coraz\u00f3n-es-un-Cazador-Solitario-203x300.jpg\" alt=\"\" width=\"212\" height=\"313\" srcset=\"https:\/\/atmedios.com\/pantallaaccesible\/wp-content\/uploads\/2018\/01\/Poster-El-Coraz\u00f3n-es-un-Cazador-Solitario-203x300.jpg 203w, https:\/\/atmedios.com\/pantallaaccesible\/wp-content\/uploads\/2018\/01\/Poster-El-Coraz\u00f3n-es-un-Cazador-Solitario.jpg 580w\" sizes=\"(max-width: 212px) 100vw, 212px\" \/><\/a><\/p>\n<p>&nbsp;<\/p>\n<p><strong>El coraz\u00f3n es un cazador solitario (1968):<\/strong> Esta cinta narra la historia de John Singer, un hombre con discapacidad auditiva que se ve obligado a trasladarse a otra ciudad para cuidar de su amigo Spiros. En este nuevo territorio, Singer conocer\u00e1 a Mick, una adolescente que encontrar\u00e1 en \u00e9l un amigo incondicional. Paralelamente John se cruza con el Dr. Copeland, un m\u00e9dico afroamericano que odia a los blancos, y Jake, un borracho busca pleitos; quienes convierten a Singer en su confidente. En esta pel\u00edcula, John es el refugio de todos los personajes y demostrar\u00e1 que su discapacidad no importa a la hora de ayudar a otros. Esta historia fue nominada a los Globo de Oro y la actuaci\u00f3n de Alan Arkin y a Sondra Locke, Singer y Mick respectivamente, les valieron nominaciones al \u00d3scar.<\/p>\n<p>&nbsp;<\/p>\n<p>&nbsp;<\/p>\n<p><a href=\"http:\/\/atmedios.com\/pantallaaccesible\/wp-content\/uploads\/2018\/01\/Poster-Hijos-de-un-dios-menor.jpg\"><img decoding=\"async\" loading=\"lazy\" class=\"alignleft wp-image-564\" title=\"Cartel: Hijos de un dios menor\" src=\"http:\/\/atmedios.com\/pantallaaccesible\/wp-content\/uploads\/2018\/01\/Poster-Hijos-de-un-dios-menor.jpg\" alt=\"\" width=\"210\" height=\"311\" \/><\/a><\/p>\n<p>&nbsp;<\/p>\n<p><strong>Hijos de un dios menor (1986):<\/strong> La pel\u00edcula nos presenta a un profesor de oratoria que llaga a una escuela para personas sordas d\u00f3nde se enamora del conserje, una mujer con discapacidad auditiva. Esta pel\u00edcula lanz\u00f3 al estrellato a la actriz Marlee Matlin por su interpretaci\u00f3n de Sarah Norman, y le vali\u00f3 un \u00d3scar como mejor actriz en 1987.<br \/>\nMatlin perdi\u00f3 parte de la audici\u00f3n a los 18 meses, lo que no le impidi\u00f3 desarrollar una exitosa carrera en las tablas, el cine y la televisi\u00f3n, en donde ha interpretado importantes papeles en series como La ley y el orden, The West Wing y The L world.<\/p>\n<p>&nbsp;<\/p>\n<p>&nbsp;<\/p>\n<p>&nbsp;<\/p>\n<p>&nbsp;<\/p>\n<p><a href=\"http:\/\/atmedios.com\/pantallaaccesible\/wp-content\/uploads\/2018\/01\/Poster-La-pasi\u00f3n-de-Beethoven.jpg\"><img decoding=\"async\" loading=\"lazy\" class=\"alignleft wp-image-568\" title=\"Cartel: La pasi\u00f3n de Beethoven\" src=\"http:\/\/atmedios.com\/pantallaaccesible\/wp-content\/uploads\/2018\/01\/Poster-La-pasi\u00f3n-de-Beethoven-212x300.jpg\" alt=\"\" width=\"206\" height=\"292\" \/><\/a><\/p>\n<p>&nbsp;<\/p>\n<p><strong>La pasi\u00f3n de Beethoven (2006):<\/strong> Este film es una historia fant\u00e1stica sobre los \u00faltimos a\u00f1os de la vida de Ludwig van Beethoven. En ella, se marcan sus dificultades auditivas a unos pocos d\u00edas del estreno de su muy aclamada Novena Sinfon\u00eda, durante la cual, su ayudante le sirve de gu\u00eda para marcar el comp\u00e1s de su debut. En la cinta se refleja el amor del m\u00fasico por sus composiciones, y c\u00f3mo su discapacidad no lo detuvo en un camino dif\u00edcil que lo llev\u00f3 a crear esta obra maestra que hasta hoy, es considerada una de las piezas musicales m\u00e1s importantes de la historia.<\/p>\n<p>&nbsp;<\/p>\n<p>&nbsp;<\/p>\n<p>&nbsp;<\/p>\n<p>&nbsp;<\/p>\n<p><a href=\"http:\/\/atmedios.com\/pantallaaccesible\/wp-content\/uploads\/2018\/01\/Poster-Babel.jpg\"><img decoding=\"async\" loading=\"lazy\" class=\"alignleft wp-image-569\" title=\"Cartel de Babel\" src=\"http:\/\/atmedios.com\/pantallaaccesible\/wp-content\/uploads\/2018\/01\/Poster-Babel-211x300.jpg\" alt=\"\" width=\"209\" height=\"298\" srcset=\"https:\/\/atmedios.com\/pantallaaccesible\/wp-content\/uploads\/2018\/01\/Poster-Babel-211x300.jpg 211w, https:\/\/atmedios.com\/pantallaaccesible\/wp-content\/uploads\/2018\/01\/Poster-Babel-768x1091.jpg 768w, https:\/\/atmedios.com\/pantallaaccesible\/wp-content\/uploads\/2018\/01\/Poster-Babel-721x1024.jpg 721w, https:\/\/atmedios.com\/pantallaaccesible\/wp-content\/uploads\/2018\/01\/Poster-Babel.jpg 930w\" sizes=\"(max-width: 209px) 100vw, 209px\" \/><\/a><\/p>\n<p>&nbsp;<\/p>\n<p><strong>Babel (2006):<\/strong> La cinta dirigida por Alejandro Gonz\u00e1lez I\u00f1\u00e1rritu, se desarrolla alrededor de cuatro historias interconectadas por dos ni\u00f1os marroqu\u00edes que disparan a un bus de turistas. Uno de estos relatos cuenta las vivencias de Chieko Wataya, una adolescente sorda de Tokio quien despu\u00e9s del suicidio de su madre, se vale de distintas armas para encontrar el amor que siente ha perdido. Rinko Kikuchi, la actriz que interpret\u00f3 este papel, estudi\u00f3 lengua de se\u00f1as por un a\u00f1o antes de asumir este rol, gracias al cual obtuvo una nominaci\u00f3n al \u00d3scar del 2007 como mejor actriz secundaria.<\/p>\n<p>&nbsp;<\/p>\n<p>&nbsp;<\/p>\n<p>&nbsp;<\/p>\n<p>&nbsp;<\/p>\n<p><a href=\"http:\/\/atmedios.com\/pantallaaccesible\/wp-content\/uploads\/2018\/01\/Poster-The-Tribe.jpg\"><img decoding=\"async\" loading=\"lazy\" class=\"alignleft wp-image-570\" title=\"Afiche: La Tribu\" src=\"http:\/\/atmedios.com\/pantallaaccesible\/wp-content\/uploads\/2018\/01\/Poster-The-Tribe-213x300.jpg\" alt=\"\" width=\"215\" height=\"303\" srcset=\"https:\/\/atmedios.com\/pantallaaccesible\/wp-content\/uploads\/2018\/01\/Poster-The-Tribe-213x300.jpg 213w, https:\/\/atmedios.com\/pantallaaccesible\/wp-content\/uploads\/2018\/01\/Poster-The-Tribe-727x1024.jpg 727w, https:\/\/atmedios.com\/pantallaaccesible\/wp-content\/uploads\/2018\/01\/Poster-The-Tribe.jpg 736w\" sizes=\"(max-width: 215px) 100vw, 215px\" \/><\/a><\/p>\n<p>&nbsp;<\/p>\n<p><strong>La tribu (2014):<\/strong> Esta pel\u00edcula ucraniana est\u00e1 totalmente realizada en la lengua de se\u00f1as de este pa\u00eds y no cuenta con subt\u00edtulos o ninguna otra ayuda para las personas que no conocen esta lengua. La historia se centra en un chico que, al ingresar a un internado, se ve obligado a volverse parte de \u201cLa Tribu\u201d para sobrevivir a las dif\u00edciles situaciones que este nuevo lugar le propone. Este film maneja un lenguaje universal, ya que a partir de las actuaciones de actores con discapacidad auditiva, se puede comprender esta historia que en Cannes obtuvo el galard\u00f3n como mejor pel\u00edcula en la Semana de la Cr\u00edtica.<\/p>\n<p>&nbsp;<\/p>\n<p>&nbsp;<\/p>\n<p>&nbsp;<\/p>\n<p><a href=\"http:\/\/atmedios.com\/pantallaaccesible\/wp-content\/uploads\/2018\/01\/Poster-La-familia-B\u00e9lier.jpg\"><img decoding=\"async\" loading=\"lazy\" class=\"alignleft wp-image-571\" title=\"Cartel: La familia B\u00e9lier\" src=\"http:\/\/atmedios.com\/pantallaaccesible\/wp-content\/uploads\/2018\/01\/Poster-La-familia-B\u00e9lier-210x300.jpg\" alt=\"\" width=\"213\" height=\"304\" srcset=\"https:\/\/atmedios.com\/pantallaaccesible\/wp-content\/uploads\/2018\/01\/Poster-La-familia-B\u00e9lier-210x300.jpg 210w, https:\/\/atmedios.com\/pantallaaccesible\/wp-content\/uploads\/2018\/01\/Poster-La-familia-B\u00e9lier.jpg 716w\" sizes=\"(max-width: 213px) 100vw, 213px\" \/><\/a><\/p>\n<p>&nbsp;<\/p>\n<p>&nbsp;<\/p>\n<p><strong>La familia B\u00e9lier (2014):<\/strong> Esta es la historia de Paula, una joven cuyos padres y hermano tienen discapacidad auditiva y quienes conf\u00edan en ella para que sea sus o\u00eddos y voz, especialmente en lo que tiene que ver con el manejo de su granja. Un d\u00eda, su maestro descubre que Paula tiene una voz excepcional y la impulsa a que se inscriba en una renombrada academia de m\u00fasica de Par\u00eds, lo que implicar\u00eda tener que dejar a su familia. Esta cinta francesa estuvo en la cartelera de nuestro pa\u00eds durante el 2015, siendo un \u00e9xito en la taquilla. Louane Emera, su protagonista, obtuvo el premio C\u00e9sar como actriz revelaci\u00f3n.<\/p>\n<p>&nbsp;<\/p>\n<p>&nbsp;<\/p>\n<p>&nbsp;<\/p>\n<p><a href=\"http:\/\/atmedios.com\/pantallaaccesible\/wp-content\/uploads\/2018\/01\/Poster-La-forma-del-agua.jpg\"><img decoding=\"async\" loading=\"lazy\" class=\"alignleft wp-image-579 size-medium\" title=\"Cartel: La forma del agua\" src=\"http:\/\/atmedios.com\/pantallaaccesible\/wp-content\/uploads\/2018\/01\/Poster-La-forma-del-agua-208x300.jpg\" alt=\"\" width=\"208\" height=\"300\" srcset=\"https:\/\/atmedios.com\/pantallaaccesible\/wp-content\/uploads\/2018\/01\/Poster-La-forma-del-agua-208x300.jpg 208w, https:\/\/atmedios.com\/pantallaaccesible\/wp-content\/uploads\/2018\/01\/Poster-La-forma-del-agua.jpg 700w\" sizes=\"(max-width: 208px) 100vw, 208px\" \/><\/a><\/p>\n<p>&nbsp;<\/p>\n<p><strong>La forma del agua (2017):<\/strong> Esta pel\u00edcula lleg\u00f3 a nuestra cartelera nacional el pasado 18 de enero de la mano de Guillermo del Toro, director de la cinta El Laberinto del Fauno. Cuenta la historia de Elisa, una mujer sin habla que trabaja como asistente de limpieza en un laboratorio durante la Guerra Fr\u00eda. Ella se enamora de un extra\u00f1o \u201chombre anfibio\u201d, que es mantenido como prisionero en este lugar, y frente a los inminentes planes del gobierno de acabar con \u00e9l, se propone a salvar su vida. Para llevar esta labor a cabo, contar\u00e1 con la ayuda del de su compa\u00f1era de trabajo Zelda, el Dr. Hoffstetler y su vecino Giles, el artista y narrador principal de la historia. Hasta ahora, la cinta se ha llevado 2 Globos de Oro y se espera sea una dura contrincante para los premios \u00d3scar.<\/p>\n<p>Para que te animes a ver esta pel\u00edcula, a continuaci\u00f3n te dejamos el tr\u00e1iler.<\/p>\n<p>&nbsp;<\/p>\n<p style=\"padding-left: 90px;\"><iframe loading=\"lazy\" src=\"https:\/\/www.youtube.com\/embed\/S9812XOtAU4\" width=\"640\" height=\"360\" frameborder=\"0\" align=\"aligncenter\" allowfullscreen=\"allowfullscreen\"><\/iframe><\/p>\n<p>&nbsp;<\/p>\n<p>Estos son solo algunos ejemplos de las tantas narraciones que el cine nos ha entregado cuyos personajes con discapacidad destacan por sus aportes. Cada cinta, muestra una faceta diferente de lo que es el ser humano y traspasa las nociones generales que muchos tienen sobre estas personas. Y t\u00fa, \u00bfya las viste todas? \u00bfcu\u00e1l es tu favorita?<\/p>\n<blockquote>\n<p style=\"text-align: right;\">La fotograf\u00eda es la verdad. El cine es la verdad 24 veces por segundo.<\/p>\n<p style=\"text-align: right;\"><strong>Jean-Luc Godard<\/strong> (1930)<br \/>\nDirector de cine franco-suizo<\/p>\n<\/blockquote>\n<p>&nbsp;<\/p>\n","protected":false},"excerpt":{"rendered":"<p>El cine es un espejo pintado. &nbsp; Ettore Scola (1931-2016) Director de cine y escritor italiano La magia de la gran pantalla logra transportarnos a mundos paralelos, nos lleva a vivir otras vidas y a experimentar sensaciones que en la cotidianidad no nos atrevemos a vivir. A lo largo de la historia, los directores se [&hellip;]<\/p>\n","protected":false},"author":1,"featured_media":604,"comment_status":"open","ping_status":"open","sticky":false,"template":"","format":"standard","meta":{"footnotes":""},"categories":[2,3],"tags":[],"_links":{"self":[{"href":"https:\/\/atmedios.com\/pantallaaccesible\/wp-json\/wp\/v2\/posts\/552"}],"collection":[{"href":"https:\/\/atmedios.com\/pantallaaccesible\/wp-json\/wp\/v2\/posts"}],"about":[{"href":"https:\/\/atmedios.com\/pantallaaccesible\/wp-json\/wp\/v2\/types\/post"}],"author":[{"embeddable":true,"href":"https:\/\/atmedios.com\/pantallaaccesible\/wp-json\/wp\/v2\/users\/1"}],"replies":[{"embeddable":true,"href":"https:\/\/atmedios.com\/pantallaaccesible\/wp-json\/wp\/v2\/comments?post=552"}],"version-history":[{"count":51,"href":"https:\/\/atmedios.com\/pantallaaccesible\/wp-json\/wp\/v2\/posts\/552\/revisions"}],"predecessor-version":[{"id":655,"href":"https:\/\/atmedios.com\/pantallaaccesible\/wp-json\/wp\/v2\/posts\/552\/revisions\/655"}],"wp:featuredmedia":[{"embeddable":true,"href":"https:\/\/atmedios.com\/pantallaaccesible\/wp-json\/wp\/v2\/media\/604"}],"wp:attachment":[{"href":"https:\/\/atmedios.com\/pantallaaccesible\/wp-json\/wp\/v2\/media?parent=552"}],"wp:term":[{"taxonomy":"category","embeddable":true,"href":"https:\/\/atmedios.com\/pantallaaccesible\/wp-json\/wp\/v2\/categories?post=552"},{"taxonomy":"post_tag","embeddable":true,"href":"https:\/\/atmedios.com\/pantallaaccesible\/wp-json\/wp\/v2\/tags?post=552"}],"curies":[{"name":"wp","href":"https:\/\/api.w.org\/{rel}","templated":true}]}}