{"id":618,"date":"2018-05-17T14:57:21","date_gmt":"2018-05-17T19:57:21","guid":{"rendered":"http:\/\/atmedios.com\/pantallaaccesible\/?p=618"},"modified":"2023-01-12T16:18:46","modified_gmt":"2023-01-12T21:18:46","slug":"tecnologia-accesible-en-el-cine-y-en-casa","status":"publish","type":"post","link":"https:\/\/atmedios.com\/pantallaaccesible\/tecnologia-accesible-en-el-cine-y-en-casa\/","title":{"rendered":"Tecnolog\u00eda accesible en el cine y en casa"},"content":{"rendered":"<p><strong>Cine para Todos<\/strong> es un proyecto liderado por MinTIC, en alianza con la Fundaci\u00f3n Saldarriaga Concha y Cine Colombia. En el 2017, esta iniciativa se desarroll\u00f3 mediante proyecciones regulares en salas de cine a nivel nacional, funciones en Puntos Vive Digital de varios municipios del pa\u00eds, emisiones en 51 frecuencias de la Radio Nacional de Colombia, y como parte de <em>Smart Films<\/em>, el festival de cine hecho con celulares. Es as\u00ed como Cine para Todos contin\u00faa escribiendo su historia como el primer proyecto de inclusi\u00f3n con el uso de tecnolog\u00eda y contenidos adaptados para personas con discapacidad, y cuya intenci\u00f3n es la accesibilidad de piezas audiovisuales de manera gratuita para esta poblaci\u00f3n.<\/p>\n<p>Desde <strong>ATmedios<\/strong> fomentamos el desarrollo de una sociedad en igualdad de condiciones y por eso, hemos realizado m\u00e1s de 100 piezas audiovisuales accesibles, prestando los servicios de audiodescripci\u00f3n, subtitulado e interpretaci\u00f3n en lengua de se\u00f1as colombiana. Dentro del proyecto de Cine para Todos, trabajamos en guiones que describen cada momento en pantalla, narraciones que permiten a las personas con discapacidad visual disfrutar de las creaciones cinematogr\u00e1ficas. De igual manera y aprovechando nuestra amplia experiencia en la industria, realizamos el subtitulado en colores que facilita la identificaci\u00f3n de los personajes y el servicio de interpretaci\u00f3n en lengua de se\u00f1as colombiana que, en t\u00e9rminos m\u00e1s simples, muestra la traducci\u00f3n del sonido en una interpretaci\u00f3n gestual que transmite un mensaje claro y natural para la comunidad sorda. Es as\u00ed como promovemos la inclusi\u00f3n y el acceso a la informaci\u00f3n con herramientas que facilitan procesos y crean ambientes de esparcimiento cultural.<\/p>\n<div id=\"attachment_621\" style=\"width: 179px\" class=\"wp-caption alignleft\"><a href=\"http:\/\/atmedios.com\/pantallaaccesible\/wp-content\/uploads\/2018\/05\/2.png\"><img aria-describedby=\"caption-attachment-621\" decoding=\"async\" loading=\"lazy\" class=\"size-medium wp-image-621\" src=\"http:\/\/atmedios.com\/pantallaaccesible\/wp-content\/uploads\/2018\/05\/2-169x300.png\" alt=\"Categor\u00edas\" width=\"169\" height=\"300\" srcset=\"https:\/\/atmedios.com\/pantallaaccesible\/wp-content\/uploads\/2018\/05\/2-169x300.png 169w, https:\/\/atmedios.com\/pantallaaccesible\/wp-content\/uploads\/2018\/05\/2-576x1024.png 576w, https:\/\/atmedios.com\/pantallaaccesible\/wp-content\/uploads\/2018\/05\/2.png 720w\" sizes=\"(max-width: 169px) 100vw, 169px\" \/><\/a><p id=\"caption-attachment-621\" class=\"wp-caption-text\">Categor\u00edas<\/p><\/div>\n<p>&nbsp;<\/p>\n<p>A partir del trabajo en conjunto entre organizaciones p\u00fablicas y privadas, hoy podemos decir que la accesibilidad en Colombia va por muy buen camino. Un claro ejemplo de esto, es la aplicaci\u00f3n para dispositivos m\u00f3viles \u201ccine para todos\u201d desarrollada por el Gobierno de Colombia a trav\u00e9s de MinTIC, y destinada a las personas en condici\u00f3n de discapacidad visual y auditiva. Esta aplicaci\u00f3n va muy de la mano con el proyecto y permite que esta poblaci\u00f3n puedan disfrutar de los componentes de accesibilidad en determinadas pel\u00edculas.<\/p>\n<p>&nbsp;<\/p>\n<p>&nbsp;<\/p>\n<p>&nbsp;<\/p>\n<p><strong>\u00bfC\u00f3mo funciona la aplicaci\u00f3n?<\/strong><\/p>\n<div id=\"attachment_622\" style=\"width: 190px\" class=\"wp-caption alignright\"><a href=\"http:\/\/atmedios.com\/pantallaaccesible\/wp-content\/uploads\/2018\/05\/3.png\"><img aria-describedby=\"caption-attachment-622\" decoding=\"async\" loading=\"lazy\" class=\" wp-image-622\" src=\"http:\/\/atmedios.com\/pantallaaccesible\/wp-content\/uploads\/2018\/05\/3-169x300.png\" alt=\"Intensamente\" width=\"180\" height=\"319\" srcset=\"https:\/\/atmedios.com\/pantallaaccesible\/wp-content\/uploads\/2018\/05\/3-169x300.png 169w, https:\/\/atmedios.com\/pantallaaccesible\/wp-content\/uploads\/2018\/05\/3-576x1024.png 576w, https:\/\/atmedios.com\/pantallaaccesible\/wp-content\/uploads\/2018\/05\/3.png 720w\" sizes=\"(max-width: 180px) 100vw, 180px\" \/><\/a><p id=\"caption-attachment-622\" class=\"wp-caption-text\">Intensamente<\/p><\/div>\n<p>La aplicaci\u00f3n de \u201ccine para todos\u201d est\u00e1 dise\u00f1ada para utilizarse desde casa, con pel\u00edculas en televisi\u00f3n o plataformas digitales, y en funciones programadas dentro del proyecto de Cine para Todos. Est\u00e1 disponible para descargar gratis en las tiendas Google Play y App Store, para Smartphones con sistema operativo Android superior a 4.4 y iOS superior a 10. Despu\u00e9s de haber descargado la aplicaci\u00f3n, el usuario deber\u00e1 registrarse con su cuenta de Facebook, Google o simplemente utilizando con un correo electr\u00f3nico.<\/p>\n<p>Cuando la pel\u00edcula se est\u00e9 transmitiendo, el usuario podr\u00e1 seleccionar el tipo y categor\u00eda de la misma a partir de un listado de cintas de referencia o mediante el buscador. Luego, podr\u00e1 descargar los subt\u00edtulos, audiodescripci\u00f3n o el lenguaje de se\u00f1as, seg\u00fan lo desee. En este paso es importante tener activa la opci\u00f3n de datos o wifi en el dispositivo m\u00f3vil, ya que los archivos pueden consumir datos del plan. Al completar la descarga, no es necesaria la conexi\u00f3n a Internet.<\/p>\n<p>Una vez iniciada la pel\u00edcula, el usuario deber\u00e1 dar un toque sobre el bot\u00f3n de play que all\u00ed aparece y podr\u00e1 sincronizar el servicio que necesite con el audio de la cinta que se est\u00e1 proyectando. La aplicaci\u00f3n tomar\u00e1 unos segundos para reproducir el contenido seleccionado. Si en alg\u00fan momento el usuario cierra la aplicaci\u00f3n, no tendr\u00e1 que volver a descargar los servicios de accesibilidad; los podr\u00e1 encontrar por medio del icono de descargas o en la opci\u00f3n de b\u00fasqueda del men\u00fa cartelera. Todos los servicios de accesibilidad funcionar\u00e1n siempre y cuando la pel\u00edcula este rodando en otro dispositivo.<\/p>\n<p>La aplicaci\u00f3n \u201ccine para todos\u201d incorporar\u00e1 nuevo contenido al sistema con la regularidad y cantidad que determinen sus pol\u00edticas, por lo que el usuario contar\u00e1 con una amplia variedad de pel\u00edculas a su disposici\u00f3n.<br \/>\nPara m\u00e1s informaci\u00f3n, podr\u00e1s visitar el sitio web <a href=\"http:\/\/www.cineparatodos.gov.co\">www.cineparatodos.gov.co<\/a> o escribir al correo cineparatodos@mintic.gov.co. Descarga la aplicaci\u00f3n:<\/p>\n<ul>\n<li><a href=\"https:\/\/play.google.com\/store\/apps\/details?id=co.kubo.cineparatodos\">Google Play<\/a><\/li>\n<li><a href=\"https:\/\/itunes.apple.com\/co\/app\/cineparatodos\/id1315815197?mt=8\">App Store<\/a><\/li>\n<\/ul>\n<p>Por: Daniela Rojas<\/p>\n","protected":false},"excerpt":{"rendered":"<p>Cine para Todos es un proyecto liderado por MinTIC, en alianza con la Fundaci\u00f3n Saldarriaga Concha y Cine Colombia. En el 2017, esta iniciativa se desarroll\u00f3 mediante proyecciones regulares en salas de cine a nivel nacional, funciones en Puntos Vive Digital de varios municipios del pa\u00eds, emisiones en 51 frecuencias de la Radio Nacional de [&hellip;]<\/p>\n","protected":false},"author":1,"featured_media":636,"comment_status":"open","ping_status":"open","sticky":false,"template":"","format":"standard","meta":{"footnotes":""},"categories":[2,3,7],"tags":[10,67,66,15,16,64,30,65,63,62],"_links":{"self":[{"href":"https:\/\/atmedios.com\/pantallaaccesible\/wp-json\/wp\/v2\/posts\/618"}],"collection":[{"href":"https:\/\/atmedios.com\/pantallaaccesible\/wp-json\/wp\/v2\/posts"}],"about":[{"href":"https:\/\/atmedios.com\/pantallaaccesible\/wp-json\/wp\/v2\/types\/post"}],"author":[{"embeddable":true,"href":"https:\/\/atmedios.com\/pantallaaccesible\/wp-json\/wp\/v2\/users\/1"}],"replies":[{"embeddable":true,"href":"https:\/\/atmedios.com\/pantallaaccesible\/wp-json\/wp\/v2\/comments?post=618"}],"version-history":[{"count":17,"href":"https:\/\/atmedios.com\/pantallaaccesible\/wp-json\/wp\/v2\/posts\/618\/revisions"}],"predecessor-version":[{"id":700,"href":"https:\/\/atmedios.com\/pantallaaccesible\/wp-json\/wp\/v2\/posts\/618\/revisions\/700"}],"wp:featuredmedia":[{"embeddable":true,"href":"https:\/\/atmedios.com\/pantallaaccesible\/wp-json\/wp\/v2\/media\/636"}],"wp:attachment":[{"href":"https:\/\/atmedios.com\/pantallaaccesible\/wp-json\/wp\/v2\/media?parent=618"}],"wp:term":[{"taxonomy":"category","embeddable":true,"href":"https:\/\/atmedios.com\/pantallaaccesible\/wp-json\/wp\/v2\/categories?post=618"},{"taxonomy":"post_tag","embeddable":true,"href":"https:\/\/atmedios.com\/pantallaaccesible\/wp-json\/wp\/v2\/tags?post=618"}],"curies":[{"name":"wp","href":"https:\/\/api.w.org\/{rel}","templated":true}]}}