{"id":643,"date":"2019-04-03T14:20:25","date_gmt":"2019-04-03T19:20:25","guid":{"rendered":"http:\/\/atmedios.com\/pantallaaccesible\/?p=643"},"modified":"2019-04-03T14:26:27","modified_gmt":"2019-04-03T19:26:27","slug":"el-arte-del-teatro-accesible","status":"publish","type":"post","link":"https:\/\/atmedios.com\/pantallaaccesible\/el-arte-del-teatro-accesible\/","title":{"rendered":"El arte del teatro accesible"},"content":{"rendered":"\n<blockquote style=\"text-align:left\" class=\"wp-block-quote\"><p>Un pueblo que no ayuda y no fomenta su teatro, si no est\u00e1 muerto, est\u00e1 moribundo.<\/p><cite>Federico Garc\u00eda Lorca (1898 &#8211; 1936)<br>Poeta, dramaturgo y prosista espa\u00f1ol <\/cite><\/blockquote>\n\n\n\n<p>En 1961 la UNESCO declar\u00f3 el 27 de marzo como la fecha en la que se conmemora el D\u00eda Mundial del Teatro. Esta expresi\u00f3n art\u00edstica, que tuvo origen en la antigua Grecia como \u201carte dram\u00e1tico\u201d, ha evolucionado y se ha constituido como una de las manifestaciones m\u00e1s puras de la emoci\u00f3n humana. En el teatro, existen compa\u00f1\u00edas, entes gubernamentales y otras organizaciones que se han esforzado por hacer part\u00edcipe a las personas con discapacidad de esta forma de arte; y aqu\u00ed recopilamos algunas de las iniciativas m\u00e1s importantes:<\/p>\n\n\n\n<p><strong>\u2022 Espa\u00f1a y Teatro Accesible:<\/strong><\/p>\n\n\n\n<figure class=\"wp-block-image\"><img decoding=\"async\" loading=\"lazy\" width=\"1024\" height=\"250\" src=\"http:\/\/atmedios.com\/pantallaaccesible\/wp-content\/uploads\/2019\/04\/Espa\u00f1a-1-1024x250.jpg\" alt=\"En el centro de la imagen, una se\u00f1ora mayor sonr\u00ede. A la izquierda, se lee &quot;Teatro para ti, teatro para todos&quot; y a la derecha se muestran los \u00edconos de los servicios que prestan, como audiodescripci\u00f3n e ILS. \" class=\"wp-image-660\" srcset=\"https:\/\/atmedios.com\/pantallaaccesible\/wp-content\/uploads\/2019\/04\/Espa\u00f1a-1-1024x250.jpg 1024w, https:\/\/atmedios.com\/pantallaaccesible\/wp-content\/uploads\/2019\/04\/Espa\u00f1a-1-300x73.jpg 300w, https:\/\/atmedios.com\/pantallaaccesible\/wp-content\/uploads\/2019\/04\/Espa\u00f1a-1-768x188.jpg 768w, https:\/\/atmedios.com\/pantallaaccesible\/wp-content\/uploads\/2019\/04\/Espa\u00f1a-1.jpg 1920w\" sizes=\"(max-width: 1024px) 100vw, 1024px\" \/><figcaption> Tomada de la p\u00e1gina de <a href=\"http:\/\/www.teatroaccesible.com\/es\/\">Teatro Accesible <\/a> <\/figcaption><\/figure>\n\n\n\n<p>Este programa que surge en el 2011, busca hacer accesible la cultura a personas mayores y personas con discapacidad. A lo largo de su labor, han intervenido 1039 presentaciones a trav\u00e9s de subtitulado adaptado, la audiodescripci\u00f3n*, la interpretaci\u00f3n en lengua de se\u00f1as y otras herramientas como la lectura f\u00e1cil (programa de mano adaptado para personas con discapacidad intelectual) y el <em>touch tour<\/em> (visita guiada previa a la funci\u00f3n para conocer el vestuario, utiler\u00eda y escenario). Esto ha permitido a m\u00e1s de 6.000 personas con discapacidad disfrutar del teatro, adem\u00e1s de generar empleo para este grupo poblacional.<\/p>\n\n\n\n<p>Conoce m\u00e1s: <a href=\"http:\/\/www.teatroaccesible.com\/es\/\">www.teatroaccesible.com\/es<\/a><\/p>\n\n\n\n<p><strong>\u2022 Argentina y Teatro Ciego: <\/strong><\/p>\n\n\n\n<figure class=\"wp-block-image\"><img decoding=\"async\" loading=\"lazy\" width=\"1024\" height=\"213\" src=\"http:\/\/atmedios.com\/pantallaaccesible\/wp-content\/uploads\/2019\/04\/Argentina-1024x213.jpg\" alt=\"El logo de la compa\u00f1\u00eda Teatro Ciego con un fondo de que va de tonos rosa a morado\" class=\"wp-image-669\" srcset=\"https:\/\/atmedios.com\/pantallaaccesible\/wp-content\/uploads\/2019\/04\/Argentina-1024x213.jpg 1024w, https:\/\/atmedios.com\/pantallaaccesible\/wp-content\/uploads\/2019\/04\/Argentina-300x62.jpg 300w, https:\/\/atmedios.com\/pantallaaccesible\/wp-content\/uploads\/2019\/04\/Argentina-768x160.jpg 768w\" sizes=\"(max-width: 1024px) 100vw, 1024px\" \/><figcaption>Tomado de la p\u00e1gina web de Teatro Ciego<\/figcaption><\/figure>\n\n\n\n<p>La idea detr\u00e1s de <em>Teatro Ciego<\/em> es que sus producciones son en total oscuridad, invitando a que las personas con discapacidad visual tengan una inmersi\u00f3n en la obra e involucrando a m\u00e1s de 25 trabajadores con ceguera o baja visi\u00f3n. Dentro de sus propuestas, cuentan con contenido para todas las edades y gustos, con presentaciones infantiles, musicales y hasta un espect\u00e1culo de magia. Por sus labores, han recibido varios galardones como el <em>Premio CILSA al Arte Inclusivo 2018<\/em> y el <em>Premio Teatro del Mundo como Instituci\u00f3n Destacada 2017<\/em>. De la mano de este proyecto existe la denominada <em>Escuela de Arte a Ciegas<\/em>, con talleres de baile y canto a lo largo del a\u00f1o para personas con y sin discapacidad visual.<\/p>\n\n\n\n<p>Conoce m\u00e1s: <a href=\"http:\/\/teatrociego.org\/\">www.teatrociego.org<\/a><\/p>\n\n\n\n<p><strong>\u2022 M\u00e9xico y Teatro de Sordos:<\/strong><\/p>\n\n\n\n<p>Esta compa\u00f1\u00eda profesional de teatro, con m\u00e1s de 25 a\u00f1os de trayectoria, combina la actividad de actores sordos y oyentes para presentar obras que puede disfrutar todo tipo de p\u00fablico. Busca promover la lengua de se\u00f1as mexicana dentro de un espacio cultural con obras biling\u00fces para todas las edades, presentadas a lo largo del pa\u00eds azteca y en m\u00e1s de 15 giras internacionales, entre las que se destaca su presentaci\u00f3n el pasado marzo en el <em>Teatro Mayor Julio Mario Santo Domingo<\/em> en la temporada de <em>Creadores con Capacidades Especiales<\/em>. Por otro lado, ofrecen talleres que brindan herramientas a todos los que quieren conocer un poco m\u00e1s sobre la cultura sorda en M\u00e9xico.<\/p>\n\n\n\n<p>Conoce m\u00e1s: <a href=\"https:\/\/www.facebook.com\/teatrodesordos\/\">www.facebook.com\/teatrodesordos<\/a> <\/p>\n\n\n\n<p><strong>\u2022 Estados Unidos y el Deaf West Theatre:<\/strong><\/p>\n\n\n\n<div class=\"wp-block-image\"><figure class=\"aligncenter is-resized\"><img decoding=\"async\" loading=\"lazy\" src=\"http:\/\/atmedios.com\/pantallaaccesible\/wp-content\/uploads\/2019\/04\/Estados-Unidos.jpg\" alt=\"Tres actores sobre un escenario vestidos con trajes de los a\u00f1os veinte, hacen una se\u00f1a en lenguaje americano. \" class=\"wp-image-656\" width=\"432\" height=\"287\" srcset=\"https:\/\/atmedios.com\/pantallaaccesible\/wp-content\/uploads\/2019\/04\/Estados-Unidos.jpg 960w, https:\/\/atmedios.com\/pantallaaccesible\/wp-content\/uploads\/2019\/04\/Estados-Unidos-300x199.jpg 300w, https:\/\/atmedios.com\/pantallaaccesible\/wp-content\/uploads\/2019\/04\/Estados-Unidos-768x510.jpg 768w\" sizes=\"(max-width: 432px) 100vw, 432px\" \/><figcaption>Tomada de la p\u00e1gina de Facebook de <a href=\"https:\/\/www.facebook.com\/deafwesttheatre\/\">Deaf West Theatre<\/a><\/figcaption><\/figure><\/div>\n\n\n\n<p>Con operaci\u00f3n desde 1991, <em>Deaf West Theatre<\/em> se identifica como un puente que conecta a las personas con discapacidad auditiva con los oyentes, a trav\u00e9s del arte. Sus ra\u00edces est\u00e1n fundamentadas en la cultura sorda y la capacidad expresiva de la lengua de se\u00f1as americana, buscando inspirar a toda la audiencia con obras cl\u00e1sicas re-imaginadas para que las personas sordas puedan involucrarse en las distintas presentaciones.<\/p>\n\n\n\n<p>Conoce m\u00e1s: <a href=\"http:\/\/www.deafwest.org\/\">www.deafwest.org<\/a> (en ingl\u00e9s) <\/p>\n\n\n\n<p><strong>\u2022 Inglaterra y sus <\/strong><em><strong>relaxed performances<\/strong><\/em><strong>: <\/strong><\/p>\n\n\n\n<p>Traducido literalmente como \u201cactuaciones relajadas\u201d, esta iniciativa que se aplica en muchos teatros del Reino Unido, consiste en modificar ciertos aspectos de las obras de teatro para que las audiencias con necesidades especiales se sientan m\u00e1s c\u00f3modas a la hora de asistir a una presentaci\u00f3n. Es as\u00ed como los niveles del sonido se reducen, las alteraciones fuertes de luz se hacen m\u00e1s sutiles, y los asistentes son bienvenidos a hacer un recorrido por el escenario, previo a la presentaci\u00f3n, para que se familiaricen con el entorno. Estas actividades se realizan desde el 2013 y a menudo combinan los elementos anteriormente mencionados, con audiodescripci\u00f3n e interpretaci\u00f3n en lengua de se\u00f1as para los asistentes con discapacidad visual y auditiva.<\/p>\n\n\n\n<p>Conoce m\u00e1s: <a href=\"http:\/\/www.theatrecrafts.com\/pages\/home\/topics\/accessible-theatre\/\">www.theatrecrafts.com<\/a>(en ingl\u00e9s)<\/p>\n\n\n\n<p><strong>BONUS:<\/strong> <\/p>\n\n\n\n<p><strong>\u2022  Colombia y <\/strong><em><strong>ConCuerpos<\/strong><\/em><strong>: <\/strong><\/p>\n\n\n\n<div class=\"wp-block-image\"><figure class=\"aligncenter is-resized\"><img decoding=\"async\" loading=\"lazy\" src=\"http:\/\/atmedios.com\/pantallaaccesible\/wp-content\/uploads\/2019\/04\/Colombia.jpg\" alt=\"Varios artistas en distintas poses de baile sobre un escenario. \" class=\"wp-image-657\" width=\"450\" height=\"300\" srcset=\"https:\/\/atmedios.com\/pantallaaccesible\/wp-content\/uploads\/2019\/04\/Colombia.jpg 600w, https:\/\/atmedios.com\/pantallaaccesible\/wp-content\/uploads\/2019\/04\/Colombia-300x200.jpg 300w\" sizes=\"(max-width: 450px) 100vw, 450px\" \/><figcaption>Tomado de la p\u00e1gina web de <a href=\"http:\/\/concuerpos.com\/sitio\/\">ConCuerpos<\/a><\/figcaption><\/figure><\/div>\n\n\n\n<p>Con sede en Bogot\u00e1, la organizaci\u00f3n <em>ConCuerpos<\/em> tiene un espacio en la danza contempor\u00e1nea inclusiva en Colombia. Desde el 2009, ofrece talleres y clases para personas con y sin discapacidad y busca \u201cabrir espacios para el conocimiento del cuerpo en su diversidad\u201d. Llevando este mensaje se han presentado en eventos como el VI Festival de Teatro de Sordos en Maracaibo Venezuela 2013, el Encuentro Latinoamericano de Integraci\u00f3n en Buenos Aires en el 2015 y en el Festival Gathered Together 2016 en Escocia, con las obras <em>T\u00e1ctil<\/em>, <em>Singular<\/em> y <em>Nada es Fijo<\/em>.<\/p>\n\n\n\n<p>Conoce m\u00e1s: <a href=\"http:\/\/concuerpos.com\/sitio\/\">www.concuerpos.com<\/a><\/p>\n\n\n\n<blockquote style=\"text-align:right\" class=\"wp-block-quote\"><p>No est\u00e1 en absoluto demostrado que el lenguaje de las palabras sea el mejor posible<\/p><cite>Antonin Artaud (1896 &#8211; 1948)<br>Poeta, dramaturgo, ensayista, novelista, director esc\u00e9nico y actor franc\u00e9s.  <\/cite><\/blockquote>\n\n\n\n<p style=\"font-size:12px\"> <em>*Audiodescripci\u00f3n: La audiodescripci\u00f3n o video descripci\u00f3n es la narraci\u00f3n de los principales elementos visuales de cualquier clase de material audiovisual para que las personas con discapacidad puedan tener acceso al este contenido de manera independiente. Se incluye narraci\u00f3n de elementos claves de escenarios, colores, movimientos e intenciones, as\u00ed como tambi\u00e9n, de lenguaje gestual que apoya la propuesta visual. Esta descripci\u00f3n se inserta en las pausas naturales del audio; es decir, en los silencios donde no hay di\u00e1logos<\/em>. <\/p>\n","protected":false},"excerpt":{"rendered":"<p>En el teatro, existen compa\u00f1\u00edas, entes gubernamentales y otras organizaciones que se han esforzado por hacer part\u00edcipe a las personas con discapacidad de esta forma de arte; y aqu\u00ed recopilamos algunas de las iniciativas m\u00e1s importantes.<\/p>\n","protected":false},"author":1,"featured_media":678,"comment_status":"open","ping_status":"open","sticky":false,"template":"","format":"standard","meta":{"footnotes":""},"categories":[2,68],"tags":[71,75,72,15,76,79,11,73,77,78,37,74,70],"_links":{"self":[{"href":"https:\/\/atmedios.com\/pantallaaccesible\/wp-json\/wp\/v2\/posts\/643"}],"collection":[{"href":"https:\/\/atmedios.com\/pantallaaccesible\/wp-json\/wp\/v2\/posts"}],"about":[{"href":"https:\/\/atmedios.com\/pantallaaccesible\/wp-json\/wp\/v2\/types\/post"}],"author":[{"embeddable":true,"href":"https:\/\/atmedios.com\/pantallaaccesible\/wp-json\/wp\/v2\/users\/1"}],"replies":[{"embeddable":true,"href":"https:\/\/atmedios.com\/pantallaaccesible\/wp-json\/wp\/v2\/comments?post=643"}],"version-history":[{"count":23,"href":"https:\/\/atmedios.com\/pantallaaccesible\/wp-json\/wp\/v2\/posts\/643\/revisions"}],"predecessor-version":[{"id":677,"href":"https:\/\/atmedios.com\/pantallaaccesible\/wp-json\/wp\/v2\/posts\/643\/revisions\/677"}],"wp:featuredmedia":[{"embeddable":true,"href":"https:\/\/atmedios.com\/pantallaaccesible\/wp-json\/wp\/v2\/media\/678"}],"wp:attachment":[{"href":"https:\/\/atmedios.com\/pantallaaccesible\/wp-json\/wp\/v2\/media?parent=643"}],"wp:term":[{"taxonomy":"category","embeddable":true,"href":"https:\/\/atmedios.com\/pantallaaccesible\/wp-json\/wp\/v2\/categories?post=643"},{"taxonomy":"post_tag","embeddable":true,"href":"https:\/\/atmedios.com\/pantallaaccesible\/wp-json\/wp\/v2\/tags?post=643"}],"curies":[{"name":"wp","href":"https:\/\/api.w.org\/{rel}","templated":true}]}}