{"id":683,"date":"2020-05-09T13:21:38","date_gmt":"2020-05-09T18:21:38","guid":{"rendered":"http:\/\/atmedios.com\/pantallaaccesible\/?p=683"},"modified":"2020-05-09T13:23:26","modified_gmt":"2020-05-09T18:23:26","slug":"webinar-gratuito-todo-lo-que-debe-saber-sobre-la-accesibilidad-de-contenidos-audiovisuales","status":"publish","type":"post","link":"https:\/\/atmedios.com\/pantallaaccesible\/webinar-gratuito-todo-lo-que-debe-saber-sobre-la-accesibilidad-de-contenidos-audiovisuales\/","title":{"rendered":"Webinar gratuito \u201cTodo lo que debe saber sobre la accesibilidad de contenidos audiovisuales\u201d"},"content":{"rendered":"\n<figure class=\"wp-block-image\"><img decoding=\"async\" loading=\"lazy\" width=\"600\" height=\"600\" src=\"http:\/\/atmedios.com\/pantallaaccesible\/wp-content\/uploads\/2020\/05\/Webinar-copia.jpg\" alt=\"\" class=\"wp-image-688\" srcset=\"https:\/\/atmedios.com\/pantallaaccesible\/wp-content\/uploads\/2020\/05\/Webinar-copia.jpg 600w, https:\/\/atmedios.com\/pantallaaccesible\/wp-content\/uploads\/2020\/05\/Webinar-copia-150x150.jpg 150w, https:\/\/atmedios.com\/pantallaaccesible\/wp-content\/uploads\/2020\/05\/Webinar-copia-300x300.jpg 300w\" sizes=\"(max-width: 600px) 100vw, 600px\" \/><\/figure>\n\n\n\n<p>\ud83d\udccc Productores de pel\u00edculas, documentales y cortometrajes interesados en  participar en la #ConvocatoriaFDC los invitamos  participar en el primer #webinar de accesibilidad de contenidos audiovisuales #audiodescripci\u00f3n #ilsc y #subtitulado<br>\ud83c\udf10 Acomp\u00e1\u00f1enos y conozca c\u00f3mo hacer accesible sus proyectos audiovisuales para todo el p\u00fablico.<br>\ud83d\udcf2 Reg\u00edstrese aqu\u00ed: <a rel=\"noreferrer noopener\" target=\"_blank\" href=\"https:\/\/us02web.zoom.us\/webinar\/register\/WN_UABdrXyUS4adVVgg5oodaQ\">https:\/\/us02web.zoom.us\/webinar\/register\/WN_UABdrXyUS4adVVgg5oodaQ<\/a><\/p>\n","protected":false},"excerpt":{"rendered":"<p>\ud83d\udccc Productores de pel\u00edculas, documentales y cortometrajes interesados en participar en la #ConvocatoriaFDC los invitamos participar en el primer #webinar de accesibilidad de contenidos audiovisuales #audiodescripci\u00f3n #ilsc y #subtitulado\ud83c\udf10 Acomp\u00e1\u00f1enos y conozca c\u00f3mo hacer accesible sus proyectos audiovisuales para todo el p\u00fablico.\ud83d\udcf2 Reg\u00edstrese aqu\u00ed: https:\/\/us02web.zoom.us\/webinar\/register\/WN_UABdrXyUS4adVVgg5oodaQ<\/p>\n","protected":false},"author":1,"featured_media":0,"comment_status":"open","ping_status":"open","sticky":false,"template":"","format":"standard","meta":{"footnotes":""},"categories":[2,3],"tags":[],"_links":{"self":[{"href":"https:\/\/atmedios.com\/pantallaaccesible\/wp-json\/wp\/v2\/posts\/683"}],"collection":[{"href":"https:\/\/atmedios.com\/pantallaaccesible\/wp-json\/wp\/v2\/posts"}],"about":[{"href":"https:\/\/atmedios.com\/pantallaaccesible\/wp-json\/wp\/v2\/types\/post"}],"author":[{"embeddable":true,"href":"https:\/\/atmedios.com\/pantallaaccesible\/wp-json\/wp\/v2\/users\/1"}],"replies":[{"embeddable":true,"href":"https:\/\/atmedios.com\/pantallaaccesible\/wp-json\/wp\/v2\/comments?post=683"}],"version-history":[{"count":3,"href":"https:\/\/atmedios.com\/pantallaaccesible\/wp-json\/wp\/v2\/posts\/683\/revisions"}],"predecessor-version":[{"id":689,"href":"https:\/\/atmedios.com\/pantallaaccesible\/wp-json\/wp\/v2\/posts\/683\/revisions\/689"}],"wp:attachment":[{"href":"https:\/\/atmedios.com\/pantallaaccesible\/wp-json\/wp\/v2\/media?parent=683"}],"wp:term":[{"taxonomy":"category","embeddable":true,"href":"https:\/\/atmedios.com\/pantallaaccesible\/wp-json\/wp\/v2\/categories?post=683"},{"taxonomy":"post_tag","embeddable":true,"href":"https:\/\/atmedios.com\/pantallaaccesible\/wp-json\/wp\/v2\/tags?post=683"}],"curies":[{"name":"wp","href":"https:\/\/api.w.org\/{rel}","templated":true}]}}