{"id":695,"date":"2023-01-30T16:11:00","date_gmt":"2023-01-30T21:11:00","guid":{"rendered":"http:\/\/atmedios.com\/pantallaaccesible\/?p=695"},"modified":"2023-02-02T14:00:33","modified_gmt":"2023-02-02T19:00:33","slug":"bibliotecas-virtuales-para-personas-sordas","status":"publish","type":"post","link":"https:\/\/atmedios.com\/pantallaaccesible\/bibliotecas-virtuales-para-personas-sordas\/","title":{"rendered":"Bibliotecas virtuales para personas sordas"},"content":{"rendered":"\n<p> <\/p>\n\n\n\n<figure class=\"wp-block-image size-large\"><a href=\"http:\/\/atmedios.com\/pantallaaccesible\/wp-content\/uploads\/2023\/02\/Blog-Sordos.jpg\"><img decoding=\"async\" loading=\"lazy\" width=\"1024\" height=\"271\" src=\"http:\/\/atmedios.com\/pantallaaccesible\/wp-content\/uploads\/2023\/02\/Blog-Sordos-1024x271.jpg\" alt=\"\" class=\"wp-image-797\" srcset=\"https:\/\/atmedios.com\/pantallaaccesible\/wp-content\/uploads\/2023\/02\/Blog-Sordos-1024x271.jpg 1024w, https:\/\/atmedios.com\/pantallaaccesible\/wp-content\/uploads\/2023\/02\/Blog-Sordos-300x79.jpg 300w, https:\/\/atmedios.com\/pantallaaccesible\/wp-content\/uploads\/2023\/02\/Blog-Sordos-768x203.jpg 768w, https:\/\/atmedios.com\/pantallaaccesible\/wp-content\/uploads\/2023\/02\/Blog-Sordos.jpg 1100w\" sizes=\"(max-width: 1024px) 100vw, 1024px\" \/><\/a><\/figure>\n\n\n\n<p>El Banco de la Rep\u00fablica ha desarrollado una gran iniciativa que involucra a la comunidad sorda de Colombia en temas relacionados con la literatura, la m\u00fasica, el arte, la diversidad y la historia de nuestro pa\u00eds.<\/p>\n\n\n\n<p>Este proyecto cuenta con la participaci\u00f3n de traductores sordos, ilustradores y autores colombianos, que trabajan en conjunto para publicar en el Sitio Web del Banco, los diferentes libros adaptados con el servicio de Interpretaci\u00f3n en Lengua de Se\u00f1as Colombiana. <\/p>\n\n\n\n<p>El contenido est\u00e1 clasificado en literatura infantil, juvenil, historia, una secci\u00f3n muy interesante de aproximaci\u00f3n a la m\u00fasica con talleres y ejemplos, y un glosario en LSC para conocer sobre el arte y la cultura.<\/p>\n\n\n\n<hr class=\"wp-block-separator has-alpha-channel-opacity is-style-wide\"\/>\n\n\n\n<p>Cuentos y obras disponibles en Lengua de Se\u00f1as Colombiana: <\/p>\n\n\n\n<ul><li><strong>Hamamelis y el secreto&nbsp;&#8211; Ivar Da Coll<\/strong><br><br>Sinopsis: <em>Miosotis ha entregado a su amigo Hamamelis un secreto y le ha pedido que lo guarde muy bien. Hamamelis as\u00ed lo hace, pero llegan Cal\u00e9ndula y Albahaca queriendo conocer el secreto. Lo tientan de diversas maneras y cosas por las que Hamamelis siente gran debilidad, pero\u2026 un secreto es un secreto.<\/em><\/li><\/ul>\n\n\n\n<ul><li><strong>La luna en los almendros &#8211; Gerardo Meneses<\/strong><br><br>Sinopsis: <em>Una familia campesina, compuesta por los dos padres y dos hijos varones, empieza a vivir un drama de zozobra y miedo luego de que, forzados por el enfrentamiento entre el Ej\u00e9rcito y la guerrilla, deben exiliarse. Los ni\u00f1os, valerosos y so\u00f1adores, tratan de sobrevivir en medio de un sinf\u00edn de adversidades.<\/em><\/li><\/ul>\n\n\n\n<ul><li><strong>La mirada de Pablo &#8211; Antonio Ventura<\/strong><br><br>Sinopsis: <em>Pablo, un ni\u00f1o de 9 a\u00f1os, observa el mundo con mirada asombrada, trata de comprender las peque\u00f1as cosas que rodean su vida cotidiana, pero los recuerdos de la casa de la playa -donde antes viv\u00eda- y sus sue\u00f1os se mezclan con los acontecimientos que transcurren en la nueva ciudad en la que ahora vive: se resiste a aceptar que su padre, incomprensiblemente, se haya marchado, que su hermana sufra una enfermedad y no mejore, y que su madre est\u00e9 siempre preocupada.<\/em><\/li><\/ul>\n\n\n\n<hr class=\"wp-block-separator has-alpha-channel-opacity is-style-wide\"\/>\n\n\n\n<p>En ATmedios nos unimos a este gran proyecto, realizando la adaptaci\u00f3n en Lengua de Se\u00f1as Colombiana, Subt\u00edtulos y Narraci\u00f3n en espa\u00f1ol de <strong>Hamamelis y el secreto<\/strong>; conoce m\u00e1s de este maravilloso cuento en: <a href=\"https:\/\/youtu.be\/RYqr19VT9JY\"><strong>https:\/\/youtu.be\/RYqr19VT9JY<\/strong><\/a><\/p>\n\n\n\n<p>Gracias al Banco de la Rep\u00fablica y a todos los involucrados en este maravilloso proyecto, esta forma de inclusi\u00f3n permite que la comunidad sorda participe en distintos entornos de la sociedad. Si conoces otra iniciativa como esta, cu\u00e9ntanos en los comentarios. <\/p>\n","protected":false},"excerpt":{"rendered":"<p>El Banco de la Rep\u00fablica ha desarrollado una gran iniciativa que involucra a la comunidad sorda de Colombia en temas relacionados con la literatura, la m\u00fasica, el arte, la diversidad y la historia de nuestro pa\u00eds. Este proyecto cuenta con la participaci\u00f3n de traductores sordos, ilustradores y autores colombianos, que trabajan en conjunto para publicar [&hellip;]<\/p>\n","protected":false},"author":4,"featured_media":0,"comment_status":"open","ping_status":"open","sticky":false,"template":"","format":"standard","meta":{"footnotes":""},"categories":[2,55,7],"tags":[10,11,37,19],"_links":{"self":[{"href":"https:\/\/atmedios.com\/pantallaaccesible\/wp-json\/wp\/v2\/posts\/695"}],"collection":[{"href":"https:\/\/atmedios.com\/pantallaaccesible\/wp-json\/wp\/v2\/posts"}],"about":[{"href":"https:\/\/atmedios.com\/pantallaaccesible\/wp-json\/wp\/v2\/types\/post"}],"author":[{"embeddable":true,"href":"https:\/\/atmedios.com\/pantallaaccesible\/wp-json\/wp\/v2\/users\/4"}],"replies":[{"embeddable":true,"href":"https:\/\/atmedios.com\/pantallaaccesible\/wp-json\/wp\/v2\/comments?post=695"}],"version-history":[{"count":39,"href":"https:\/\/atmedios.com\/pantallaaccesible\/wp-json\/wp\/v2\/posts\/695\/revisions"}],"predecessor-version":[{"id":798,"href":"https:\/\/atmedios.com\/pantallaaccesible\/wp-json\/wp\/v2\/posts\/695\/revisions\/798"}],"wp:attachment":[{"href":"https:\/\/atmedios.com\/pantallaaccesible\/wp-json\/wp\/v2\/media?parent=695"}],"wp:term":[{"taxonomy":"category","embeddable":true,"href":"https:\/\/atmedios.com\/pantallaaccesible\/wp-json\/wp\/v2\/categories?post=695"},{"taxonomy":"post_tag","embeddable":true,"href":"https:\/\/atmedios.com\/pantallaaccesible\/wp-json\/wp\/v2\/tags?post=695"}],"curies":[{"name":"wp","href":"https:\/\/api.w.org\/{rel}","templated":true}]}}